{"id":526,"date":"2022-11-08T18:00:16","date_gmt":"2022-11-08T15:00:16","guid":{"rendered":"http:\/\/ozsemanakliyat.com\/?p=526"},"modified":"2022-11-08T18:00:17","modified_gmt":"2022-11-08T15:00:17","slug":"kars-cumhuriyet-mahallesi-evden-eve-nakliyat","status":"publish","type":"post","link":"https:\/\/ozsemanakliyat.com\/index.php\/2022\/11\/08\/kars-cumhuriyet-mahallesi-evden-eve-nakliyat\/","title":{"rendered":"Kars Cumhuriyet Mahallesi Evden Eve Nakliyat"},"content":{"rendered":"\n<figure class=\"wp-block-image size-full\"><img loading=\"lazy\" decoding=\"async\" width=\"1024\" height=\"326\" src=\"https:\/\/ozsemanakliyat.com\/wp-content\/uploads\/2022\/11\/kars-cumhuriyet-mahallesi-ofis-tasima.png\" alt=\"\" class=\"wp-image-527\" srcset=\"https:\/\/ozsemanakliyat.com\/wp-content\/uploads\/2022\/11\/kars-cumhuriyet-mahallesi-ofis-tasima.png 1024w, https:\/\/ozsemanakliyat.com\/wp-content\/uploads\/2022\/11\/kars-cumhuriyet-mahallesi-ofis-tasima-300x96.png 300w, https:\/\/ozsemanakliyat.com\/wp-content\/uploads\/2022\/11\/kars-cumhuriyet-mahallesi-ofis-tasima-768x245.png 768w\" sizes=\"(max-width: 1024px) 100vw, 1024px\" \/><\/figure>\n\n\n\n<p>Her e\u015fyan\u0131n durumuna uygun olarak b\u00fcnyesinde farkl\u0131 ara\u00e7lar bar\u0131nd\u0131ran <strong>Kars Cumhuriyet Mahallesi nakliyat <\/strong>firmas\u0131, gelen ta\u015f\u0131nma taleplerinizi en k\u0131sa s\u00fcrede \u00e7\u00f6z\u00fcyor.<br><br><strong>Kars Cumhuriyet Mahallesi Ofis Ta\u015f\u0131ma Hizmeti<\/strong><br><br>Ofis ta\u015f\u0131ma hizmeti ev ta\u015f\u0131maya g\u00f6re daha fazla dikkat gerektirir. Elektronik cihazlar\u0131n\u0131za zarar vermeden ofis e\u015fyalar\u0131n\u0131z\u0131 ta\u015f\u0131yan <strong>Kars Cumhuriyet Mahallesi ofis ta\u015f\u0131ma<\/strong> firmas\u0131 kar\u0131\u015f\u0131kl\u0131k olmamas\u0131 ad\u0131na her b\u00f6l\u00fcm\u00fcn paketlenesini ayr\u0131 olarak yap\u0131yor.<br><br><strong>Kars Cumhuriyet Mahallesi Evden Eve Ta\u015f\u0131ma Hizmeti<\/strong><br><br>\u0130\u015fini en do\u011fru bi\u00e7imde yapabilmek ad\u0131na b\u00fcy\u00fck gayret g\u00f6steren <strong>Kars Cumhuriyet Mahallesi evden eve ta\u015f\u0131ma<\/strong> firmas\u0131 sahip oldu\u011fu deneyim ile ta\u015f\u0131nma s\u00fcrecinizi stres ya\u015famadan tamamlaman\u0131z\u0131 sa\u011fl\u0131yor. E\u015fyalar\u0131n zarar g\u00f6rmemesi ad\u0131na paketlenerek ta\u015f\u0131nmas\u0131 sa\u011flayan evden eve nakliyat ekibi %100 m\u00fc\u015fteri memnuniyeti sa\u011fl\u0131yor.<\/p>\n","protected":false},"excerpt":{"rendered":"<p>Her e\u015fyan\u0131n durumuna uygun olarak b\u00fcnyesinde farkl\u0131 ara\u00e7lar bar\u0131nd\u0131ran Kars Cumhuriyet Mahallesi nakliyat firmas\u0131, gelen ta\u015f\u0131nma taleplerinizi en k\u0131sa s\u00fcrede \u00e7\u00f6z\u00fcyor. Kars Cumhuriyet Mahallesi Ofis Ta\u015f\u0131ma Hizmeti Ofis ta\u015f\u0131ma hizmeti ev ta\u015f\u0131maya g\u00f6re daha fazla dikkat gerektirir. Elektronik cihazlar\u0131n\u0131za zarar vermeden ofis e\u015fyalar\u0131n\u0131z\u0131 ta\u015f\u0131yan Kars Cumhuriyet Mahallesi ofis ta\u015f\u0131ma firmas\u0131 kar\u0131\u015f\u0131kl\u0131k olmamas\u0131 ad\u0131na her b\u00f6l\u00fcm\u00fcn [&hellip;]<\/p>\n","protected":false},"author":1,"featured_media":528,"comment_status":"open","ping_status":"open","sticky":false,"template":"","format":"standard","meta":{"footnotes":""},"categories":[83],"tags":[],"aioseo_notices":[],"_links":{"self":[{"href":"https:\/\/ozsemanakliyat.com\/index.php\/wp-json\/wp\/v2\/posts\/526"}],"collection":[{"href":"https:\/\/ozsemanakliyat.com\/index.php\/wp-json\/wp\/v2\/posts"}],"about":[{"href":"https:\/\/ozsemanakliyat.com\/index.php\/wp-json\/wp\/v2\/types\/post"}],"author":[{"embeddable":true,"href":"https:\/\/ozsemanakliyat.com\/index.php\/wp-json\/wp\/v2\/users\/1"}],"replies":[{"embeddable":true,"href":"https:\/\/ozsemanakliyat.com\/index.php\/wp-json\/wp\/v2\/comments?post=526"}],"version-history":[{"count":1,"href":"https:\/\/ozsemanakliyat.com\/index.php\/wp-json\/wp\/v2\/posts\/526\/revisions"}],"predecessor-version":[{"id":529,"href":"https:\/\/ozsemanakliyat.com\/index.php\/wp-json\/wp\/v2\/posts\/526\/revisions\/529"}],"wp:featuredmedia":[{"embeddable":true,"href":"https:\/\/ozsemanakliyat.com\/index.php\/wp-json\/wp\/v2\/media\/528"}],"wp:attachment":[{"href":"https:\/\/ozsemanakliyat.com\/index.php\/wp-json\/wp\/v2\/media?parent=526"}],"wp:term":[{"taxonomy":"category","embeddable":true,"href":"https:\/\/ozsemanakliyat.com\/index.php\/wp-json\/wp\/v2\/categories?post=526"},{"taxonomy":"post_tag","embeddable":true,"href":"https:\/\/ozsemanakliyat.com\/index.php\/wp-json\/wp\/v2\/tags?post=526"}],"curies":[{"name":"wp","href":"https:\/\/api.w.org\/{rel}","templated":true}]}}