{"id":658,"date":"2023-06-02T11:25:39","date_gmt":"2023-06-02T08:25:39","guid":{"rendered":"https:\/\/ozsemanakliyat.com\/?p=658"},"modified":"2023-06-02T11:25:39","modified_gmt":"2023-06-02T08:25:39","slug":"ardahan-cildir-evden-eve-nakliyat","status":"publish","type":"post","link":"https:\/\/ozsemanakliyat.com\/index.php\/2023\/06\/02\/ardahan-cildir-evden-eve-nakliyat\/","title":{"rendered":"Ardahan \u00e7\u0131ld\u0131r evden eve nakliyat"},"content":{"rendered":"\n<p>\u00d6zsema Nakliyat, Ardahan&#8217;\u0131n g\u00fczel il\u00e7esi \u00c7\u0131ld\u0131r&#8217;da evden eve nakliyat, ofis ta\u015f\u0131ma ve \u015fehirler aras\u0131 nakliyat hizmetleriyle m\u00fc\u015fterilerine kaliteli \u00e7\u00f6z\u00fcmler sunan \u00f6nc\u00fc bir firmad\u0131r. \u00c7\u0131ld\u0131r&#8217;da yerle\u015fim yerinden yerle\u015fim yerine ta\u015f\u0131nma s\u00fcrecinde profesyonel deste\u011fe ihtiya\u00e7 duydu\u011funuzda \u00d6zsema Nakliyat sizin i\u00e7in do\u011fru adres.<\/p>\n\n\n\n<p>Ardahan \u00c7\u0131ld\u0131r evden eve nakliyat hizmetimizde, e\u015fyalar\u0131n\u0131z\u0131 titizlikle paketleyip, \u00f6zel ambalajlarla koruma alt\u0131na alarak yeni evinize g\u00fcvenli bir \u015fekilde ta\u015f\u0131yoruz. Uzman ekibimiz, ta\u015f\u0131nma s\u00fcrecinin her a\u015famas\u0131nda \u00f6zenle \u00e7al\u0131\u015farak m\u00fc\u015fteri memnuniyetini en \u00fcst d\u00fczeyde tutmay\u0131 hedefler.<\/p>\n\n\n\n<p>\u00c7\u0131ld\u0131r ofis ta\u015f\u0131ma konusunda da deneyimli ekibimizle profesyonel \u00e7\u00f6z\u00fcmler sunuyoruz. \u0130\u015f yerlerinizin ta\u015f\u0131nmas\u0131 s\u00fcrecinde \u00f6nceden yap\u0131lan planlama ve organizasyon sayesinde sorunsuz bir ge\u00e7i\u015f sa\u011fl\u0131yoruz. Ofis mobilyalar\u0131, dosya ve dok\u00fcmanlar\u0131n\u0131z\u0131 \u00f6zenle paketleyerek yeni ofis alan\u0131n\u0131za ta\u015f\u0131yoruz.<\/p>\n\n\n\n<figure class=\"wp-block-gallery has-nested-images columns-default is-cropped wp-block-gallery-1 is-layout-flex wp-block-gallery-is-layout-flex\">\n<figure class=\"wp-block-image size-large\"><img loading=\"lazy\" decoding=\"async\" width=\"900\" height=\"1600\" data-id=\"465\" src=\"https:\/\/ozsemanakliyat.com\/wp-content\/uploads\/2022\/10\/WhatsApp-Image-2022-10-12-at-16.37.36-1.jpeg\" alt=\"\" class=\"wp-image-465\" srcset=\"https:\/\/ozsemanakliyat.com\/wp-content\/uploads\/2022\/10\/WhatsApp-Image-2022-10-12-at-16.37.36-1.jpeg 900w, https:\/\/ozsemanakliyat.com\/wp-content\/uploads\/2022\/10\/WhatsApp-Image-2022-10-12-at-16.37.36-1-169x300.jpeg 169w, https:\/\/ozsemanakliyat.com\/wp-content\/uploads\/2022\/10\/WhatsApp-Image-2022-10-12-at-16.37.36-1-576x1024.jpeg 576w, https:\/\/ozsemanakliyat.com\/wp-content\/uploads\/2022\/10\/WhatsApp-Image-2022-10-12-at-16.37.36-1-768x1365.jpeg 768w, https:\/\/ozsemanakliyat.com\/wp-content\/uploads\/2022\/10\/WhatsApp-Image-2022-10-12-at-16.37.36-1-864x1536.jpeg 864w\" sizes=\"(max-width: 900px) 100vw, 900px\" \/><\/figure>\n<\/figure>\n\n\n\n<p><\/p>\n\n\n\n<p>Ardahan \u00c7\u0131ld\u0131r \u015fehirler aras\u0131 nakliyat hizmetimizde ise T\u00fcrkiye&#8217;nin herhangi bir yerine g\u00fcvenli ve zaman\u0131nda ta\u015f\u0131mac\u0131l\u0131k sunuyoruz. Modern ta\u015f\u0131ma ara\u00e7lar\u0131m\u0131z ve tecr\u00fcbeli \u015fof\u00f6rlerimizle e\u015fyalar\u0131n\u0131z\u0131n g\u00fcvenli bir \u015fekilde var\u0131\u015f noktas\u0131na ula\u015fmas\u0131n\u0131 sa\u011fl\u0131yoruz.<\/p>\n\n\n\n<p>\u00d6zsema Nakliyat olarak, Ardahan \u00e7\u0131ld\u0131r evden eve nakliyat, Ardahan \u00e7\u0131ld\u0131r ofis ta\u015f\u0131ma ve Ardahan \u00e7\u0131ld\u0131r \u015fehirler aras\u0131 nakliyat ihtiya\u00e7lar\u0131n\u0131zda m\u00fc\u015fteri memnuniyetini her zaman \u00f6n planda tutuyoruz. G\u00fcvenilir, profesyonel ve uygun fiyatl\u0131 hizmetlerimizle sizlere en iyi ta\u015f\u0131mac\u0131l\u0131k deneyimini ya\u015fatmay\u0131 ama\u00e7l\u0131yoruz. Bize ula\u015f\u0131n, ta\u015f\u0131nma s\u00fcrecinizi kolayla\u015ft\u0131ral\u0131m!<\/p>\n\n\n\n<figure class=\"wp-block-gallery has-nested-images columns-default is-cropped wp-block-gallery-2 is-layout-flex wp-block-gallery-is-layout-flex\">\n<figure class=\"wp-block-image size-large\"><img loading=\"lazy\" decoding=\"async\" width=\"1024\" height=\"768\" data-id=\"659\" src=\"https:\/\/ozsemanakliyat.com\/wp-content\/uploads\/2023\/06\/tr1-1024x768.jpg\" alt=\"\" class=\"wp-image-659\" srcset=\"https:\/\/ozsemanakliyat.com\/wp-content\/uploads\/2023\/06\/tr1-1024x768.jpg 1024w, https:\/\/ozsemanakliyat.com\/wp-content\/uploads\/2023\/06\/tr1-300x225.jpg 300w, https:\/\/ozsemanakliyat.com\/wp-content\/uploads\/2023\/06\/tr1-768x576.jpg 768w, https:\/\/ozsemanakliyat.com\/wp-content\/uploads\/2023\/06\/tr1-1536x1152.jpg 1536w, https:\/\/ozsemanakliyat.com\/wp-content\/uploads\/2023\/06\/tr1.jpg 2048w\" sizes=\"(max-width: 1024px) 100vw, 1024px\" \/><\/figure>\n<\/figure>\n","protected":false},"excerpt":{"rendered":"<p>\u00d6zsema Nakliyat, Ardahan&#8217;\u0131n g\u00fczel il\u00e7esi \u00c7\u0131ld\u0131r&#8217;da evden eve nakliyat, ofis ta\u015f\u0131ma ve \u015fehirler aras\u0131 nakliyat hizmetleriyle m\u00fc\u015fterilerine kaliteli \u00e7\u00f6z\u00fcmler sunan \u00f6nc\u00fc bir firmad\u0131r. \u00c7\u0131ld\u0131r&#8217;da yerle\u015fim yerinden yerle\u015fim yerine ta\u015f\u0131nma s\u00fcrecinde profesyonel deste\u011fe ihtiya\u00e7 duydu\u011funuzda \u00d6zsema Nakliyat sizin i\u00e7in do\u011fru adres. Ardahan \u00c7\u0131ld\u0131r evden eve nakliyat hizmetimizde, e\u015fyalar\u0131n\u0131z\u0131 titizlikle paketleyip, \u00f6zel ambalajlarla koruma alt\u0131na alarak yeni [&hellip;]<\/p>\n","protected":false},"author":1,"featured_media":659,"comment_status":"open","ping_status":"open","sticky":false,"template":"","format":"standard","meta":{"footnotes":""},"categories":[83],"tags":[140,143,141,142,118,117,119,120],"aioseo_notices":[],"_links":{"self":[{"href":"https:\/\/ozsemanakliyat.com\/index.php\/wp-json\/wp\/v2\/posts\/658"}],"collection":[{"href":"https:\/\/ozsemanakliyat.com\/index.php\/wp-json\/wp\/v2\/posts"}],"about":[{"href":"https:\/\/ozsemanakliyat.com\/index.php\/wp-json\/wp\/v2\/types\/post"}],"author":[{"embeddable":true,"href":"https:\/\/ozsemanakliyat.com\/index.php\/wp-json\/wp\/v2\/users\/1"}],"replies":[{"embeddable":true,"href":"https:\/\/ozsemanakliyat.com\/index.php\/wp-json\/wp\/v2\/comments?post=658"}],"version-history":[{"count":1,"href":"https:\/\/ozsemanakliyat.com\/index.php\/wp-json\/wp\/v2\/posts\/658\/revisions"}],"predecessor-version":[{"id":661,"href":"https:\/\/ozsemanakliyat.com\/index.php\/wp-json\/wp\/v2\/posts\/658\/revisions\/661"}],"wp:featuredmedia":[{"embeddable":true,"href":"https:\/\/ozsemanakliyat.com\/index.php\/wp-json\/wp\/v2\/media\/659"}],"wp:attachment":[{"href":"https:\/\/ozsemanakliyat.com\/index.php\/wp-json\/wp\/v2\/media?parent=658"}],"wp:term":[{"taxonomy":"category","embeddable":true,"href":"https:\/\/ozsemanakliyat.com\/index.php\/wp-json\/wp\/v2\/categories?post=658"},{"taxonomy":"post_tag","embeddable":true,"href":"https:\/\/ozsemanakliyat.com\/index.php\/wp-json\/wp\/v2\/tags?post=658"}],"curies":[{"name":"wp","href":"https:\/\/api.w.org\/{rel}","templated":true}]}}