{"id":662,"date":"2023-06-02T11:31:29","date_gmt":"2023-06-02T08:31:29","guid":{"rendered":"https:\/\/ozsemanakliyat.com\/?p=662"},"modified":"2023-06-02T11:39:56","modified_gmt":"2023-06-02T08:39:56","slug":"ardahan-damal-evden-eve-nakliyat","status":"publish","type":"post","link":"https:\/\/ozsemanakliyat.com\/index.php\/2023\/06\/02\/ardahan-damal-evden-eve-nakliyat\/","title":{"rendered":"Ardahan damal evden eve nakliyat"},"content":{"rendered":"\n<p>\u00d6zsema Nakliyat, Ardahan&#8217;\u0131n g\u00fczel il\u00e7esi Damal&#8217;da evden eve nakliyat, ofis ta\u015f\u0131ma ve \u015fehirler aras\u0131 nakliyat hizmetleriyle m\u00fc\u015fterilerine g\u00fcvenilir ve profesyonel \u00e7\u00f6z\u00fcmler sunan bir nakliyat firmas\u0131d\u0131r. Damal b\u00f6lgesindeki ta\u015f\u0131nma ihtiya\u00e7lar\u0131n\u0131z\u0131 kar\u015f\u0131lamak i\u00e7in \u00d6zsema Nakliyat&#8217;\u0131 tercih edebilirsiniz.<\/p>\n\n\n\n<p>Ardahan Damal evden eve nakliyat hizmetimizde, e\u015fyalar\u0131n\u0131z\u0131 \u00f6zenle paketleyip, titizlikle ta\u015f\u0131yarak yeni evinize g\u00fcvenle yerle\u015ftiriyoruz. Deneyimli ekiplerimiz, ta\u015f\u0131nma s\u00fcrecinde her ayr\u0131nt\u0131ya dikkat ederek m\u00fc\u015fteri memnuniyetini en \u00fcst d\u00fczeyde tutmaktad\u0131r.<\/p>\n\n\n\n<p><\/p>\n\n\n\n<figure class=\"wp-block-image size-full\"><img loading=\"lazy\" decoding=\"async\" width=\"700\" height=\"400\" src=\"https:\/\/ozsemanakliyat.com\/wp-content\/uploads\/2023\/06\/evden-eve-1.png\" alt=\"\" class=\"wp-image-665\" srcset=\"https:\/\/ozsemanakliyat.com\/wp-content\/uploads\/2023\/06\/evden-eve-1.png 700w, https:\/\/ozsemanakliyat.com\/wp-content\/uploads\/2023\/06\/evden-eve-1-300x171.png 300w\" sizes=\"(max-width: 700px) 100vw, 700px\" \/><\/figure>\n\n\n\n<p>Damal ofis ta\u015f\u0131ma konusunda da uzmanla\u015fm\u0131\u015f ekibimiz, i\u015f yerlerinizin ta\u015f\u0131nmas\u0131n\u0131 sorunsuz bir \u015fekilde ger\u00e7ekle\u015ftirir. Ofis mobilyalar\u0131n\u0131z\u0131, dosyalar\u0131n\u0131z\u0131 ve di\u011fer e\u015fyalar\u0131n\u0131z\u0131 d\u00fczenli bir \u015fekilde paketleyerek yeni ofis alan\u0131n\u0131za ta\u015f\u0131ma i\u015flemini ger\u00e7ekle\u015ftiririz.<\/p>\n\n\n\n<p>Ardahan Damal \u015fehirler aras\u0131 nakliyat hizmetimizde ise T\u00fcrkiye&#8217;nin farkl\u0131 b\u00f6lgelerine e\u015fyalar\u0131n\u0131z\u0131 emniyetli bir \u015fekilde ta\u015f\u0131yoruz. Geli\u015fmi\u015f ta\u015f\u0131ma ara\u00e7lar\u0131m\u0131z ve deneyimli \u015fof\u00f6rlerimizle e\u015fyalar\u0131n\u0131z\u0131n hasars\u0131z bir \u015fekilde var\u0131\u015f noktas\u0131na ula\u015fmas\u0131n\u0131 sa\u011fl\u0131yoruz.<\/p>\n\n\n\n<p>\u00d6zsema Nakliyat olarak, Ardahan Damal evden eve nakliyat, ofis ta\u015f\u0131ma ve \u015fehirler aras\u0131 nakliyat hizmetlerinde m\u00fc\u015fterilerimize kaliteli ve g\u00fcvenilir hizmetler sunmaktay\u0131z. Profesyonel ekiplerimiz, ta\u015f\u0131nma s\u00fcrecinizde size destek olmak ve her a\u015famada g\u00fcvenilir bir hizmet sunmak i\u00e7in burada. Bize ula\u015f\u0131n ve ta\u015f\u0131nma s\u00fcrecinizi kolayla\u015ft\u0131ral\u0131m!<\/p>\n\n\n\n<figure class=\"wp-block-image size-full is-resized\"><img loading=\"lazy\" decoding=\"async\" src=\"https:\/\/ozsemanakliyat.com\/wp-content\/uploads\/2023\/06\/evden-eve-nakliyat.jpg\" alt=\"\" class=\"wp-image-663\" width=\"635\" height=\"423\" srcset=\"https:\/\/ozsemanakliyat.com\/wp-content\/uploads\/2023\/06\/evden-eve-nakliyat.jpg 800w, https:\/\/ozsemanakliyat.com\/wp-content\/uploads\/2023\/06\/evden-eve-nakliyat-300x200.jpg 300w, https:\/\/ozsemanakliyat.com\/wp-content\/uploads\/2023\/06\/evden-eve-nakliyat-768x512.jpg 768w\" sizes=\"(max-width: 635px) 100vw, 635px\" \/><\/figure>\n","protected":false},"excerpt":{"rendered":"<p>\u00d6zsema Nakliyat, Ardahan&#8217;\u0131n g\u00fczel il\u00e7esi Damal&#8217;da evden eve nakliyat, ofis ta\u015f\u0131ma ve \u015fehirler aras\u0131 nakliyat hizmetleriyle m\u00fc\u015fterilerine g\u00fcvenilir ve profesyonel \u00e7\u00f6z\u00fcmler sunan bir nakliyat firmas\u0131d\u0131r. Damal b\u00f6lgesindeki ta\u015f\u0131nma ihtiya\u00e7lar\u0131n\u0131z\u0131 kar\u015f\u0131lamak i\u00e7in \u00d6zsema Nakliyat&#8217;\u0131 tercih edebilirsiniz. Ardahan Damal evden eve nakliyat hizmetimizde, e\u015fyalar\u0131n\u0131z\u0131 \u00f6zenle paketleyip, titizlikle ta\u015f\u0131yarak yeni evinize g\u00fcvenle yerle\u015ftiriyoruz. Deneyimli ekiplerimiz, ta\u015f\u0131nma s\u00fcrecinde her [&hellip;]<\/p>\n","protected":false},"author":1,"featured_media":672,"comment_status":"open","ping_status":"open","sticky":false,"template":"","format":"standard","meta":{"footnotes":""},"categories":[83],"tags":[144,145,146,118,117,119,120],"aioseo_notices":[],"_links":{"self":[{"href":"https:\/\/ozsemanakliyat.com\/index.php\/wp-json\/wp\/v2\/posts\/662"}],"collection":[{"href":"https:\/\/ozsemanakliyat.com\/index.php\/wp-json\/wp\/v2\/posts"}],"about":[{"href":"https:\/\/ozsemanakliyat.com\/index.php\/wp-json\/wp\/v2\/types\/post"}],"author":[{"embeddable":true,"href":"https:\/\/ozsemanakliyat.com\/index.php\/wp-json\/wp\/v2\/users\/1"}],"replies":[{"embeddable":true,"href":"https:\/\/ozsemanakliyat.com\/index.php\/wp-json\/wp\/v2\/comments?post=662"}],"version-history":[{"count":1,"href":"https:\/\/ozsemanakliyat.com\/index.php\/wp-json\/wp\/v2\/posts\/662\/revisions"}],"predecessor-version":[{"id":666,"href":"https:\/\/ozsemanakliyat.com\/index.php\/wp-json\/wp\/v2\/posts\/662\/revisions\/666"}],"wp:featuredmedia":[{"embeddable":true,"href":"https:\/\/ozsemanakliyat.com\/index.php\/wp-json\/wp\/v2\/media\/672"}],"wp:attachment":[{"href":"https:\/\/ozsemanakliyat.com\/index.php\/wp-json\/wp\/v2\/media?parent=662"}],"wp:term":[{"taxonomy":"category","embeddable":true,"href":"https:\/\/ozsemanakliyat.com\/index.php\/wp-json\/wp\/v2\/categories?post=662"},{"taxonomy":"post_tag","embeddable":true,"href":"https:\/\/ozsemanakliyat.com\/index.php\/wp-json\/wp\/v2\/tags?post=662"}],"curies":[{"name":"wp","href":"https:\/\/api.w.org\/{rel}","templated":true}]}}