{"id":818,"date":"2023-12-18T15:03:24","date_gmt":"2023-12-18T12:03:24","guid":{"rendered":"https:\/\/ozsemanakliyat.com\/?p=818"},"modified":"2023-12-21T14:34:11","modified_gmt":"2023-12-21T11:34:11","slug":"igdir-asansorlu-nakliyat","status":"publish","type":"post","link":"https:\/\/ozsemanakliyat.com\/index.php\/2023\/12\/18\/igdir-asansorlu-nakliyat\/","title":{"rendered":"I\u011fd\u0131r Asans\u00f6rl\u00fc Nakliyat"},"content":{"rendered":"\n<figure class=\"wp-block-gallery has-nested-images columns-default is-cropped wp-block-gallery-1 is-layout-flex wp-block-gallery-is-layout-flex\">\n<figure class=\"wp-block-image size-large\"><img loading=\"lazy\" decoding=\"async\" width=\"1024\" height=\"1024\" data-id=\"820\" src=\"https:\/\/ozsemanakliyat.com\/wp-content\/uploads\/2023\/12\/IGDIR-ASANSORLU-NAKLIYAT-1024x1024.png\" alt=\"\" class=\"wp-image-820\" srcset=\"https:\/\/ozsemanakliyat.com\/wp-content\/uploads\/2023\/12\/IGDIR-ASANSORLU-NAKLIYAT-1024x1024.png 1024w, https:\/\/ozsemanakliyat.com\/wp-content\/uploads\/2023\/12\/IGDIR-ASANSORLU-NAKLIYAT-300x300.png 300w, https:\/\/ozsemanakliyat.com\/wp-content\/uploads\/2023\/12\/IGDIR-ASANSORLU-NAKLIYAT-150x150.png 150w, https:\/\/ozsemanakliyat.com\/wp-content\/uploads\/2023\/12\/IGDIR-ASANSORLU-NAKLIYAT-768x768.png 768w, https:\/\/ozsemanakliyat.com\/wp-content\/uploads\/2023\/12\/IGDIR-ASANSORLU-NAKLIYAT-1536x1536.png 1536w, https:\/\/ozsemanakliyat.com\/wp-content\/uploads\/2023\/12\/IGDIR-ASANSORLU-NAKLIYAT.png 2000w\" sizes=\"(max-width: 1024px) 100vw, 1024px\" \/><\/figure>\n<\/figure>\n\n\n\n<h1 class=\"wp-block-heading\"><strong>I\u011fd\u0131r Asans\u00f6rl\u00fc Nakliyat<\/strong><strong><\/strong><\/h1>\n\n\n\n<p><strong><a href=\"https:\/\/ozsemanakliyat.com\/\" title=\"I\u011fd\u0131r Asans\u00f6rl\u00fc Nakliyat\">I\u011fd\u0131r Asans\u00f6rl\u00fc Nakliyat<\/a> <\/strong>firmam\u0131z uzun y\u0131llara dayanan deneyimi ve uzman kadrosuyla asans\u00f6rl\u00fc evden eve nakliyat hizmeti sunmaktad\u0131r. M\u00fc\u015fterinin \u00f6n planda tutan yakla\u015f\u0131m\u0131m\u0131zla sorunsuz g\u00fcvenilir bir ta\u015f\u0131ma deneyimini ya\u015fatmay\u0131 hedefliyoruz. Profesyonel ekipler halinde e\u015fyalar\u0131 paketleyerek modern ve g\u00fcvenli asans\u00f6r sistemlerimizle y\u00fcksek katl\u0131 binalarda dahi h\u0131zl\u0131 ve g\u00fcvenli bir \u015fekilde ta\u015f\u0131ma ger\u00e7ekle\u015ftiriyor.<\/p>\n\n\n\n<p>Eski alandan yeni alana e\u015fyalar\u0131 ta\u015f\u0131yoruz. Firmam\u0131z m\u00fc\u015fteri odakl\u0131 yakla\u015f\u0131m\u0131yla sekt\u00f6rdeki g\u00fc\u00e7l\u00fc korumay\u0131 korumakta ve g\u00fcvenilir en iyi hizmeti sunmaya devam etmektedir. Asans\u00f6rl\u00fc evden eve nakliyat i\u00e7in bizimle ileti\u015fime ge\u00e7erek kaliteli ve g\u00fcvenilir bir ta\u015f\u0131ma deneyimi ya\u015fayabilirsiniz.<\/p>\n\n\n\n<h2 class=\"wp-block-heading\"><strong>Ta\u015f\u0131nma \u00d6ncesi Haz\u0131rl\u0131k E\u015fya Paketleme ve D\u00fczenleme<\/strong><strong><\/strong><\/h2>\n\n\n\n<p><strong><a href=\"https:\/\/ozsemanakliyat.com\/\" title=\"I\u011fd\u0131r Asans\u00f6rl\u00fc Nakliyat \">I\u011fd\u0131r Asans\u00f6rl\u00fc Nakliyat <\/a><\/strong>firmam\u0131z ta\u015f\u0131nma \u00f6ncesi haz\u0131rl\u0131k s\u00fcrecini profesyonel destek sa\u011flamak amac\u0131yla faaliyet g\u00f6stermektedir. M\u00fc\u015fterinin \u00f6n plan\u0131n\u0131 koruyarak, ta\u015f\u0131nma s\u00fcrecini kolay ve sorunsuz hale getirmeyi daha ama\u00e7l\u0131yoruz. E\u015fyalar\u0131 ay\u0131rma gereksiz aksesuarlar\u0131 ay\u0131rma ve e\u015fyalar\u0131n g\u00fcvencesini i\u00e7eren ad\u0131mlarla ayr\u0131nt\u0131l\u0131 bir hizmet sunuyoruz.<\/p>\n\n\n\n<p>Paketleme malzemelerini temin etmeyi her kutuyu etiketlemeye ve ta\u015f\u0131ma g\u00fcn\u00fc i\u00e7in \u00f6zel planlama yapmaya kadar her a\u015famada rehberlik yap\u0131yoruz. De\u011ferli e\u015fyalar\u0131n saklanmas\u0131 ki\u015fisel belgelerin bir araya getirilmesi ve yeni evde kullan\u0131lacak temel e\u015fyalar\u0131n ayr\u0131nt\u0131l\u0131 belirtilmesi gibi ayr\u0131nt\u0131lara \u00f6zel \u00f6nem veriliyor. Firmam\u0131z nakliyat s\u00fcrecinin en iyi \u015fekilde y\u00f6netilmesine yard\u0131mc\u0131 olmak i\u00e7in burada.<\/p>\n\n\n\n<h2 class=\"wp-block-heading\"><strong>I\u011fd\u0131r Asans\u00f6rl\u00fc Nakliyat Fiyatlar\u0131 <\/strong><strong><\/strong><\/h2>\n\n\n\n<p><strong><a href=\"https:\/\/ozsemanakliyat.com\/\" title=\"I\u011fd\u0131r Asans\u00f6rl\u00fc Nakliyat \">I\u011fd\u0131r Asans\u00f6rl\u00fc Nakliyat <\/a><\/strong>firmam\u0131z g\u00fcvenilir asans\u00f6rl\u00fc ta\u015f\u0131mac\u0131l\u0131k hizmetleri sunmaktad\u0131r. Ta\u015f\u0131nacak e\u015fyalar\u0131n miktar\u0131 ve t\u00fcr\u00fcne ba\u011fl\u0131 olarak \u00f6zelle\u015ftirilmi\u015f \u00e7\u00f6z\u00fcmler sunarak \u00e7\u00f6z\u00fcmlere uygun hizmet veriyoruz. Deneyimli ve e\u011fitimli personelimiz ta\u015f\u0131ma s\u00fcreci ba\u015ftan sona kurulum a\u015famas\u0131na kadar yan\u0131n\u0131zda. Asans\u00f6rl\u00fc nakliyat fiyatlar\u0131m\u0131z ta\u015f\u0131nacak e\u015fyalar\u0131n \u00f6zellikleri ta\u015f\u0131ma mesafesi kat say\u0131lar\u0131 ve di\u011fer \u00f6nemli fakt\u00f6rlere dayan\u0131larak belirlenmektedir.<\/p>\n\n\n\n<p>Adil ve tazminat fiyatlar\u0131 sunarak kaliteli hizmet uygun maliyetle sa\u011flamay\u0131 ama\u00e7l\u0131yoruz. Ta\u015f\u0131ma s\u0131ras\u0131nda olas\u0131 risklere kar\u015f\u0131 par\u00e7alar\u0131n \u00f6n planda tutularak ta\u015f\u0131nan e\u015fyalar i\u00e7in sigorta se\u00e7enekleri sunulmaktad\u0131r. Firmam\u0131z\u0131n asans\u00f6rl\u00fc nakliyat hizmeti modern ve g\u00fcvenilir ekipmanlar\u0131m\u0131z sayesinde h\u0131zl\u0131 sorunsuz ve g\u00fcvenli bir \u015fekilde ger\u00e7ekle\u015ftirilmektedir. Detayl\u0131 bilgi almak ve akl\u0131n\u0131za tak\u0131lan sorular\u0131 sormak i\u00e7in uzman ekiplerimizle ileti\u015fime ge\u00e7mekten \u00e7ekinmeyin<\/p>\n","protected":false},"excerpt":{"rendered":"<p>I\u011fd\u0131r Asans\u00f6rl\u00fc Nakliyat I\u011fd\u0131r Asans\u00f6rl\u00fc Nakliyat firmam\u0131z uzun y\u0131llara dayanan deneyimi ve uzman kadrosuyla asans\u00f6rl\u00fc evden eve nakliyat hizmeti sunmaktad\u0131r. M\u00fc\u015fterinin \u00f6n planda tutan yakla\u015f\u0131m\u0131m\u0131zla sorunsuz g\u00fcvenilir bir ta\u015f\u0131ma deneyimini ya\u015fatmay\u0131 hedefliyoruz. Profesyonel ekipler halinde e\u015fyalar\u0131 paketleyerek modern ve g\u00fcvenli asans\u00f6r sistemlerimizle y\u00fcksek katl\u0131 binalarda dahi h\u0131zl\u0131 ve g\u00fcvenli bir \u015fekilde ta\u015f\u0131ma ger\u00e7ekle\u015ftiriyor. Eski alandan [&hellip;]<\/p>\n","protected":false},"author":1,"featured_media":821,"comment_status":"open","ping_status":"open","sticky":true,"template":"","format":"standard","meta":{"footnotes":""},"categories":[83],"tags":[210,208,209,211],"aioseo_notices":[],"_links":{"self":[{"href":"https:\/\/ozsemanakliyat.com\/index.php\/wp-json\/wp\/v2\/posts\/818"}],"collection":[{"href":"https:\/\/ozsemanakliyat.com\/index.php\/wp-json\/wp\/v2\/posts"}],"about":[{"href":"https:\/\/ozsemanakliyat.com\/index.php\/wp-json\/wp\/v2\/types\/post"}],"author":[{"embeddable":true,"href":"https:\/\/ozsemanakliyat.com\/index.php\/wp-json\/wp\/v2\/users\/1"}],"replies":[{"embeddable":true,"href":"https:\/\/ozsemanakliyat.com\/index.php\/wp-json\/wp\/v2\/comments?post=818"}],"version-history":[{"count":1,"href":"https:\/\/ozsemanakliyat.com\/index.php\/wp-json\/wp\/v2\/posts\/818\/revisions"}],"predecessor-version":[{"id":822,"href":"https:\/\/ozsemanakliyat.com\/index.php\/wp-json\/wp\/v2\/posts\/818\/revisions\/822"}],"wp:featuredmedia":[{"embeddable":true,"href":"https:\/\/ozsemanakliyat.com\/index.php\/wp-json\/wp\/v2\/media\/821"}],"wp:attachment":[{"href":"https:\/\/ozsemanakliyat.com\/index.php\/wp-json\/wp\/v2\/media?parent=818"}],"wp:term":[{"taxonomy":"category","embeddable":true,"href":"https:\/\/ozsemanakliyat.com\/index.php\/wp-json\/wp\/v2\/categories?post=818"},{"taxonomy":"post_tag","embeddable":true,"href":"https:\/\/ozsemanakliyat.com\/index.php\/wp-json\/wp\/v2\/tags?post=818"}],"curies":[{"name":"wp","href":"https:\/\/api.w.org\/{rel}","templated":true}]}}